{"id":312328,"date":"2023-08-08T14:17:08","date_gmt":"2023-08-08T12:17:08","guid":{"rendered":"https:\/\/www.industriasagapito.com\/?p=312328"},"modified":"2023-08-17T19:57:02","modified_gmt":"2023-08-17T17:57:02","slug":"lusine-industrias-agapito-ferme-du-14-aout-au-5-septembre","status":"publish","type":"post","link":"https:\/\/www.industriasagapito.com\/fr\/lusine-industrias-agapito-ferme-du-14-aout-au-5-septembre\/","title":{"rendered":"Agapito Industries ferme pour les vacances"},"content":{"rendered":"<p>[et_pb_section fb_built=\u00a0\u00bb1&Prime; fullwidth=\u00a0\u00bbon\u00a0\u00bb admin_label=\u00a0\u00bbCABECERA\u00a0\u00bb module_class=\u00a0\u00bbnoMecano sliderPortada sliderNoticia\u00a0\u00bb _builder_version=\u00a0\u00bb4.16&Prime; locked=\u00a0\u00bboff\u00a0\u00bb collapsed=\u00a0\u00bboff\u00a0\u00bb global_colors_info=\u00a0\u00bb{}\u00a0\u00bb][et_pb_fullwidth_slider admin_label=\u00a0\u00bbControl deslizante de anchura completa\u00a0\u00bb module_class=\u00a0\u00bbsliderPortadaProyectos\u00a0\u00bb _builder_version=\u00a0\u00bb4.21.2&Prime; background_image=\u00a0\u00bbhttps:\/\/www.industriasagapito.com\/wp-content\/uploads\/barco-parque-infantil-para-parques-certificado-1600.jpg\u00a0\u00bb min_height=\u00a0\u00bb80vh\u00a0\u00bb max_height=\u00a0\u00bb88vh\u00a0\u00bb auto=\u00a0\u00bbon\u00a0\u00bb auto_speed=\u00a0\u00bb4500ms\u00a0\u00bb header_text_shadow_style=\u00a0\u00bbpreset5&Prime; header_text_shadow_horizontal_length=\u00a0\u00bb0.04em\u00a0\u00bb header_text_shadow_vertical_length=\u00a0\u00bb0.04em\u00a0\u00bb text_shadow_style=\u00a0\u00bbpreset5&Prime; text_shadow_horizontal_length=\u00a0\u00bb0.04em\u00a0\u00bb text_shadow_vertical_length=\u00a0\u00bb0.04em\u00a0\u00bb locked=\u00a0\u00bboff\u00a0\u00bb global_colors_info=\u00a0\u00bb{}\u00a0\u00bb][et_pb_slide _builder_version=\u00a0\u00bb4.21.2&Prime; background_enable_color=\u00a0\u00bboff\u00a0\u00bb background_image=\u00a0\u00bbhttps:\/\/www.industriasagapito.com\/wp-content\/uploads\/cerrados-21-Septiembre-10-Octubre-vacaciones.jpg\u00a0\u00bb background_enable_image=\u00a0\u00bbon\u00a0\u00bb locked=\u00a0\u00bboff\u00a0\u00bb global_colors_info=\u00a0\u00bb{}\u00a0\u00bb sticky_transition=\u00a0\u00bbon\u00a0\u00bb][\/et_pb_slide][\/et_pb_fullwidth_slider][\/et_pb_section][et_pb_section fb_built=\u00a0\u00bb1&Prime; disabled_on=\u00a0\u00bboff|off|off\u00a0\u00bb admin_label=\u00a0\u00bbDESCRIPCI\u00d3N NOTICIA\u00a0\u00bb module_class=\u00a0\u00bbnoticia-texto\u00a0\u00bb _builder_version=\u00a0\u00bb4.16&Prime; custom_margin=\u00a0\u00bb30px||||false|false\u00a0\u00bb custom_padding=\u00a0\u00bb||||true|false\u00a0\u00bb collapsed=\u00a0\u00bboff\u00a0\u00bb global_colors_info=\u00a0\u00bb{}\u00a0\u00bb][et_pb_row module_class=\u00a0\u00bbtituloNoticia\u00a0\u00bb _builder_version=\u00a0\u00bb4.16&Prime; max_width=\u00a0\u00bb900px\u00a0\u00bb custom_padding=\u00a0\u00bb||0px|||\u00a0\u00bb global_colors_info=\u00a0\u00bb{}\u00a0\u00bb][et_pb_column type=\u00a0\u00bb4_4&Prime; _builder_version=\u00a0\u00bb4.16&Prime; global_colors_info=\u00a0\u00bb{}\u00a0\u00bb][et_pb_post_title author=\u00a0\u00bboff\u00a0\u00bb comments=\u00a0\u00bboff\u00a0\u00bb featured_image=\u00a0\u00bboff\u00a0\u00bb module_class=\u00a0\u00bbkroppen\u00a0\u00bb _builder_version=\u00a0\u00bb4.16&Prime; title_font=\u00a0\u00bb|700|||||||\u00a0\u00bb title_font_size=\u00a0\u00bb42px\u00a0\u00bb title_font_size_tablet=\u00a0\u00bb\u00a0\u00bb title_font_size_phone=\u00a0\u00bb32px\u00a0\u00bb title_font_size_last_edited=\u00a0\u00bbon|phone\u00a0\u00bb global_colors_info=\u00a0\u00bb{}\u00a0\u00bb][\/et_pb_post_title][et_pb_divider color=\u00a0\u00bb#96c11f\u00a0\u00bb divider_position=\u00a0\u00bbcenter\u00a0\u00bb divider_weight=\u00a0\u00bb5px\u00a0\u00bb _builder_version=\u00a0\u00bb4.16&Prime; max_width=\u00a0\u00bb50px\u00a0\u00bb locked=\u00a0\u00bboff\u00a0\u00bb global_colors_info=\u00a0\u00bb{}\u00a0\u00bb][\/et_pb_divider][\/et_pb_column][\/et_pb_row][et_pb_row module_class=\u00a0\u00bbtextoNoticia\u00a0\u00bb _builder_version=\u00a0\u00bb4.16&Prime; max_width=\u00a0\u00bb900px\u00a0\u00bb global_colors_info=\u00a0\u00bb{}\u00a0\u00bb][et_pb_column type=\u00a0\u00bb4_4&Prime; _builder_version=\u00a0\u00bb4.16&Prime; global_colors_info=\u00a0\u00bb{}\u00a0\u00bb][et_pb_text disabled_on=\u00a0\u00bboff|off|off\u00a0\u00bb _builder_version=\u00a0\u00bb4.22.0&Prime; text_font=\u00a0\u00bb||||||||\u00a0\u00bb text_font_size=\u00a0\u00bb15px\u00a0\u00bb text_line_height=\u00a0\u00bb1.8em\u00a0\u00bb custom_padding=\u00a0\u00bb|||\u00a0\u00bb custom_padding_tablet=\u00a0\u00bb|40px||40px||true\u00a0\u00bb custom_padding_last_edited=\u00a0\u00bboff|desktop\u00a0\u00bb hover_enabled=\u00a0\u00bb0&Prime; locked=\u00a0\u00bboff\u00a0\u00bb global_colors_info=\u00a0\u00bb{}\u00a0\u00bb sticky_enabled=\u00a0\u00bb0&Prime;]<\/p>\n<p><strong>En raison des vacances d&rsquo;\u00e9t\u00e9, l&rsquo;usine Industrias Agapito sera ferm\u00e9e du 14 ao\u00fbt au 5 septembre.<\/strong><\/p>\n<p>L&rsquo;usine Industrias Agapito, situ\u00e9e \u00e0 Ejea de los Caballeros, sera ferm\u00e9e du <strong>lundi 14 ao\u00fbt au mardi 5 septembre<\/strong> inclus. Le service commercial restera \u00e0 votre disposition tous les jours ouvrables de 8h00 \u00e0 15h00 au num\u00e9ro de t\u00e9l\u00e9phone +34 976 660 879, sauf la semaine du 14 au 18 ao\u00fbt.<\/p>\n<p>Vous pouvez aussi nous contacter par e-mail <a href=\"mailto:ventas@industriasagapito.com\"><strong>ventas@industriasagapito.com<\/strong><\/a> ou en remplissant le formulaire dans notre page web. Vos demandes seront prises en charge dans les plus brefs d\u00e9lais.<\/p>\n<p>Nous vous souhaitons de bonnes vacances et nous vous donnons rendez-vous au retour de vacances pour d\u00e9couvrir les nouveaut\u00e9s les plus cr\u00e9atives de notre entreprise.<\/p>\n<p>[\/et_pb_text][\/et_pb_column][\/et_pb_row][\/et_pb_section][et_pb_section fb_built=\u00a0\u00bb1&Prime; admin_label=\u00a0\u00bbMosaico im\u00e1genes noticias\u00a0\u00bb module_class=\u00a0\u00bbmosaicoSeccion mosaicoNoticia\u00a0\u00bb _builder_version=\u00a0\u00bb4.4.8&Prime; custom_margin=\u00a0\u00bb0px||0px||false|false\u00a0\u00bb custom_padding=\u00a0\u00bb0px||0px||false|false\u00a0\u00bb global_module=\u00a0\u00bb276954&Prime; saved_tabs=\u00a0\u00bball\u00a0\u00bb collapsed=\u00a0\u00bboff\u00a0\u00bb global_colors_info=\u00a0\u00bb{}\u00a0\u00bb][et_pb_row _builder_version=\u00a0\u00bb4.16&Prime; width=\u00a0\u00bb100%\u00a0\u00bb max_width=\u00a0\u00bb100%\u00a0\u00bb custom_margin=\u00a0\u00bb0px||0px||false|false\u00a0\u00bb custom_padding=\u00a0\u00bb0px||0px||false|false\u00a0\u00bb global_colors_info=\u00a0\u00bb{}\u00a0\u00bb][et_pb_column type=\u00a0\u00bb4_4&Prime; _builder_version=\u00a0\u00bb4.16&Prime; custom_padding=\u00a0\u00bb|||\u00a0\u00bb global_colors_info=\u00a0\u00bb{}\u00a0\u00bb custom_padding__hover=\u00a0\u00bb|||\u00a0\u00bb][et_pb_text admin_label=\u00a0\u00bbShortcode mosaico\u00a0\u00bb _builder_version=\u00a0\u00bb4.16&Prime; width=\u00a0\u00bb100%\u00a0\u00bb max_width=\u00a0\u00bb100%\u00a0\u00bb custom_margin=\u00a0\u00bb0px||0px||false|false\u00a0\u00bb custom_padding=\u00a0\u00bb0px||0px||false|false\u00a0\u00bb global_colors_info=\u00a0\u00bb{}\u00a0\u00bb]<h3 class=\"titulo-mosaico\">Voir la galerie de photos<\/h3><a href=\"https:\/\/www.industriasagapito.com\/fr\/galerie\/noticia\/la-fabrica-de-industrias-agapito-cierra-del-14-de-agosto-al-5-de-septiembre\" target=\"_blank\" class=\"enlace_mosaico\"><div class=\"mosaico imagenes_1\"><div class=\"imagen imagen_1\"><img src=\"\/ficheros-agapito\/galerias\/noticia\/312326\/cerrados-21-Septiembre-10-Octubre-vacaciones.jpg\" alt=\"cerrados 21 Septiembre 10 Octubre vacaciones\" loading=\"lazy\"\/><\/div><\/div><\/a>[\/et_pb_text][\/et_pb_column][\/et_pb_row][\/et_pb_section][et_pb_section fb_built=\u00a0\u00bb1&Prime; admin_label=\u00a0\u00bbNOTICIAS RELACIONADAS\u00a0\u00bb module_class=\u00a0\u00bbotrosRelacionados\u00a0\u00bb _builder_version=\u00a0\u00bb4.16&Prime; background_color=\u00a0\u00bb#f7f7f7&Prime; custom_padding=\u00a0\u00bb0px||||false|false\u00a0\u00bb saved_tabs=\u00a0\u00bball\u00a0\u00bb collapsed=\u00a0\u00bbon\u00a0\u00bb global_colors_info=\u00a0\u00bb{}\u00a0\u00bb][et_pb_row _builder_version=\u00a0\u00bb4.16&Prime; collapsed=\u00a0\u00bboff\u00a0\u00bb global_colors_info=\u00a0\u00bb{}\u00a0\u00bb][et_pb_column type=\u00a0\u00bb4_4&Prime; _builder_version=\u00a0\u00bb4.16&Prime; custom_padding=\u00a0\u00bb|||\u00a0\u00bb global_colors_info=\u00a0\u00bb{}\u00a0\u00bb custom_padding__hover=\u00a0\u00bb|||\u00a0\u00bb][et_pb_text _builder_version=\u00a0\u00bb4.16&Prime; text_font=\u00a0\u00bb||||||||\u00a0\u00bb header_font=\u00a0\u00bb||||||||\u00a0\u00bb header_2_font=\u00a0\u00bbRubik|700|||||||\u00a0\u00bb header_2_font_size=\u00a0\u00bb42px\u00a0\u00bb header_2_line_height=\u00a0\u00bb1.2em\u00a0\u00bb text_orientation=\u00a0\u00bbcenter\u00a0\u00bb module_alignment=\u00a0\u00bbcenter\u00a0\u00bb custom_margin=\u00a0\u00bb|||\u00a0\u00bb custom_padding=\u00a0\u00bb|||\u00a0\u00bb header_2_font_size_tablet=\u00a0\u00bb\u00a0\u00bb header_2_font_size_phone=\u00a0\u00bb36px\u00a0\u00bb header_2_font_size_last_edited=\u00a0\u00bbon|phone\u00a0\u00bb locked=\u00a0\u00bboff\u00a0\u00bb global_colors_info=\u00a0\u00bb{}\u00a0\u00bb]<\/p>\n<h2>Noticias recientes<\/h2>\n<p>[\/et_pb_text][et_pb_divider color=\u00a0\u00bb#96c11f\u00a0\u00bb divider_position=\u00a0\u00bbcenter\u00a0\u00bb divider_weight=\u00a0\u00bb5px\u00a0\u00bb _builder_version=\u00a0\u00bb4.16&Prime; max_width=\u00a0\u00bb50px\u00a0\u00bb module_alignment=\u00a0\u00bbcenter\u00a0\u00bb locked=\u00a0\u00bboff\u00a0\u00bb global_colors_info=\u00a0\u00bb{}\u00a0\u00bb][\/et_pb_divider][\/et_pb_column][\/et_pb_row][et_pb_row use_custom_gutter=\u00a0\u00bbon\u00a0\u00bb _builder_version=\u00a0\u00bb4.16&Prime; custom_margin=\u00a0\u00bb|||\u00a0\u00bb collapsed=\u00a0\u00bbon\u00a0\u00bb global_colors_info=\u00a0\u00bb{}\u00a0\u00bb][et_pb_column type=\u00a0\u00bb4_4&Prime; _builder_version=\u00a0\u00bb4.16&Prime; custom_padding=\u00a0\u00bb|||\u00a0\u00bb global_colors_info=\u00a0\u00bb{}\u00a0\u00bb custom_padding__hover=\u00a0\u00bb|||\u00a0\u00bb][et_pb_blog fullwidth=\u00a0\u00bboff\u00a0\u00bb posts_number=\u00a0\u00bb3&Prime; include_categories=\u00a0\u00bb209&Prime; show_author=\u00a0\u00bboff\u00a0\u00bb show_pagination=\u00a0\u00bboff\u00a0\u00bb masonry_tile_background_color=\u00a0\u00bbrgba(0,0,0,0)\u00a0\u00bb admin_label=\u00a0\u00bbOTRAS NOTICIAS\u00a0\u00bb _builder_version=\u00a0\u00bb4.16&Prime; header_text_color=\u00a0\u00bb#96c11f\u00a0\u00bb meta_text_color=\u00a0\u00bb#96c11f\u00a0\u00bb width=\u00a0\u00bb100%\u00a0\u00bb max_width=\u00a0\u00bb100%\u00a0\u00bb border_width_all=\u00a0\u00bb0px\u00a0\u00bb global_colors_info=\u00a0\u00bb{}\u00a0\u00bb][\/et_pb_blog][\/et_pb_column][\/et_pb_row][et_pb_row _builder_version=\u00a0\u00bb4.16&Prime; global_colors_info=\u00a0\u00bb{}\u00a0\u00bb][et_pb_column type=\u00a0\u00bb4_4&Prime; _builder_version=\u00a0\u00bb4.16&Prime; custom_padding=\u00a0\u00bb|||\u00a0\u00bb global_colors_info=\u00a0\u00bb{}\u00a0\u00bb custom_padding__hover=\u00a0\u00bb|||\u00a0\u00bb][et_pb_button button_url=\u00a0\u00bb\/noticias\/\u00a0\u00bb button_text=\u00a0\u00bbVer todas las noticias\u00a0\u00bb button_alignment=\u00a0\u00bbcenter\u00a0\u00bb admin_label=\u00a0\u00bbBOTON VER TODAS LAS NOTICIAS\u00a0\u00bb module_class=\u00a0\u00bbmain\u00a0\u00bb _builder_version=\u00a0\u00bb4.16&Prime; button_icon=\u00a0\u00bb&#x24;||divi||400&Prime; background_layout=\u00a0\u00bbdark\u00a0\u00bb custom_margin=\u00a0\u00bb|||\u00a0\u00bb custom_padding=\u00a0\u00bb12px|30px|12px|30px|true|true\u00a0\u00bb button_text_color_last_edited=\u00a0\u00bboff|desktop\u00a0\u00bb button_text_color_hover=\u00a0\u00bb#ffffff\u00a0\u00bb button_border_color_hover=\u00a0\u00bb#2a2a2a\u00a0\u00bb button_bg_color_hover=\u00a0\u00bb#2a2a2a\u00a0\u00bb locked=\u00a0\u00bboff\u00a0\u00bb global_colors_info=\u00a0\u00bb{}\u00a0\u00bb button_text_size__hover_enabled=\u00a0\u00bboff\u00a0\u00bb button_one_text_size__hover_enabled=\u00a0\u00bboff\u00a0\u00bb button_two_text_size__hover_enabled=\u00a0\u00bboff\u00a0\u00bb button_text_color__hover_enabled=\u00a0\u00bbon|hover\u00a0\u00bb button_text_color__hover=\u00a0\u00bb#f2000d\u00a0\u00bb button_one_text_color__hover_enabled=\u00a0\u00bboff\u00a0\u00bb button_two_text_color__hover_enabled=\u00a0\u00bboff\u00a0\u00bb button_border_width__hover_enabled=\u00a0\u00bboff\u00a0\u00bb button_one_border_width__hover_enabled=\u00a0\u00bboff\u00a0\u00bb button_two_border_width__hover_enabled=\u00a0\u00bboff\u00a0\u00bb button_border_color__hover_enabled=\u00a0\u00bbon|hover\u00a0\u00bb button_border_color__hover=\u00a0\u00bb\u00a0\u00bb button_one_border_color__hover_enabled=\u00a0\u00bboff\u00a0\u00bb button_two_border_color__hover_enabled=\u00a0\u00bboff\u00a0\u00bb button_border_radius__hover_enabled=\u00a0\u00bboff\u00a0\u00bb button_one_border_radius__hover_enabled=\u00a0\u00bboff\u00a0\u00bb button_two_border_radius__hover_enabled=\u00a0\u00bboff\u00a0\u00bb button_letter_spacing__hover_enabled=\u00a0\u00bboff\u00a0\u00bb button_one_letter_spacing__hover_enabled=\u00a0\u00bboff\u00a0\u00bb button_two_letter_spacing__hover_enabled=\u00a0\u00bboff\u00a0\u00bb button_bg_color__hover_enabled=\u00a0\u00bbon|hover\u00a0\u00bb button_bg_color__hover=\u00a0\u00bb\u00a0\u00bb button_one_bg_color__hover_enabled=\u00a0\u00bboff\u00a0\u00bb button_two_bg_color__hover_enabled=\u00a0\u00bboff\u00a0\u00bb button_bg_enable_color__hover=\u00a0\u00bboff\u00a0\u00bb][\/et_pb_button][\/et_pb_column][\/et_pb_row][\/et_pb_section]<\/p>\n","protected":false},"excerpt":{"rendered":"<p>En raison des vacances d&rsquo;\u00e9t\u00e9, l&rsquo;usine Industrias Agapito sera ferm\u00e9e du 14 ao\u00fbt au 5 septembre.<\/p>\n","protected":false},"author":76,"featured_media":312336,"comment_status":"closed","ping_status":"closed","sticky":false,"template":"","format":"standard","meta":{"_et_pb_use_builder":"on","_et_pb_old_content":"<h1><b>AFAMOUR y AFYDAD piden la reapertura de los parques infantiles<\/b><\/h1>\r\n<h2><b>AFAMOUR y AFYDAD piden reabrir los parques con las medidas de seguridad e higi\u00e9nico sanitarias oportunas<\/b><\/h2>\r\nLa<a href=\"https:\/\/www.afamour.com\/\"> <b>ASOCIACI\u00d3N ESPA\u00d1OLA DE FABRICANTES DE MOBILIARIO URBANO Y PARQUES INFANTILES (AFAMOUR)<\/b><\/a> y la<a href=\"https:\/\/www.afydad.com\/\"> <b>ASOCIACI\u00d3N ESPA\u00d1OLA DE FABRICANTES Y DISTRIBUIDORES DE ART\u00cdCULOS DEPORTIVOS (AFYDAD)<\/b><\/a> han solicitado a las autoridades pertinentes <b>la reapertura de los parques recreativos infantiles y zonas deportivas al aire libre<\/b> que quedaron clausurados el pasado 14 de marzo tras la declaraci\u00f3n del Estado de Alarma.\r\n\r\n<b>Ambas organizaciones comprendieron que esta medida<\/b>, al igual que otras que se llevaron a cabo por parte del Gobierno, era necesaria para frenar la propagaci\u00f3n del virus. Sin embargo, una vez producido un cierto control sobre la pandemia e iniciado por tanto un per\u00edodo de desconfinamiento y\u00a0 progresiva desescalada, y teniendo en cuenta que estos espacios se encuentran al aire libre, donde la capacidad de contagio es mucho menor seg\u00fan los expertos, AFAMOUR y AFYDAD no encuentran motivo para que estos espacios contin\u00faen clausurados y no <b>se proceda a su reapertura con las medidas de seguridad e higi\u00e9nico sanitarias oportunas<\/b>, tal y como se est\u00e1 produciendo con la mayor parte de los equipamientos y actividades incluidas en el Anexo del citado Real Decreto entre los que se encontraban museos, bibliotecas, cines, pabellones de congresos... que ya se encuentran abiertos en la mayor parte del territorio espa\u00f1ol.\r\n\r\n<b>El juego es un derecho de los ni\u00f1os que solo aporta ventajas para ellos y la sociedad en general.<\/b> La OMS recomienda un nivel de actividad f\u00edsica necesaria a la semana que no se est\u00e1 llevando a cabo. La situaci\u00f3n generada por la vuelta al trabajo de los padres y madres sin una apertura acompasada de los colegios ha puesto a\u00fan m\u00e1s de manifiesto las dificultades, ya existentes, para conciliar la vida profesional y familiar, y que, igualmente, ha revelado la importancia de las zonas de juego infantil. En estos momentos en los que la importancia de la salud se ha situado en el epicentro de la sociedad, no podemos permitir que la salud de la poblaci\u00f3n infantil pueda verse mermada. En consecuencia, AFAMOUR y AFINIDAD demandan al Gobierno que reconozca el valor de los parques infantiles y las zonas deportivas al aire libre, tanto aquellos que se encuentran en la v\u00eda p\u00fablica como los que est\u00e1n localizados en otros espacios como por ejemplo las piscinas, <b>como ya se ha producido en pa\u00edses de nuestro entorno m\u00e1s cercano como Francia, Reino Unido o Alemania, entre otros pa\u00edses europeos.<\/b>\r\n\r\nAsimismo, <b>AFAMOUR ofrece su absoluta disposici\u00f3n para la colaboraci\u00f3n<\/b>, en caso de que se considere necesario, en la elaboraci\u00f3n de un protocolo de medidas higi\u00e9nico sanitarias de apertura de los parques infantiles y zonas deportivas al aire libre.","_et_gb_content_width":""},"categories":[211],"tags":[],"yoast_head":"<!-- This site is optimized with the Yoast SEO plugin v18.4.1 - https:\/\/yoast.com\/wordpress\/plugins\/seo\/ -->\n<title>Agapito Industries ferme pour les vacances<\/title>\n<meta name=\"description\" content=\"En raison des vacances d&#039;\u00e9t\u00e9, l&#039;usine Industrias Agapito sera ferm\u00e9e du 14 ao\u00fbt au 5 septembre.\" \/>\n<meta name=\"robots\" content=\"index, follow, max-snippet:-1, max-image-preview:large, max-video-preview:-1\" \/>\n<link rel=\"canonical\" href=\"https:\/\/www.industriasagapito.com\/fr\/lusine-industrias-agapito-ferme-du-14-aout-au-5-septembre\/\" \/>\n<meta property=\"og:locale\" content=\"fr_FR\" \/>\n<meta property=\"og:type\" content=\"article\" \/>\n<meta property=\"og:title\" content=\"Agapito Industries ferme pour les vacances\" \/>\n<meta property=\"og:description\" content=\"En raison des vacances d&#039;\u00e9t\u00e9, l&#039;usine Industrias Agapito sera ferm\u00e9e du 14 ao\u00fbt au 5 septembre.\" \/>\n<meta property=\"og:url\" content=\"https:\/\/www.industriasagapito.com\/fr\/lusine-industrias-agapito-ferme-du-14-aout-au-5-septembre\/\" \/>\n<meta property=\"og:site_name\" content=\"Industrias Agapito\" \/>\n<meta property=\"article:publisher\" content=\"https:\/\/www.facebook.com\/industriasagapito\" \/>\n<meta property=\"article:published_time\" content=\"2023-08-08T12:17:08+00:00\" \/>\n<meta property=\"article:modified_time\" content=\"2023-08-17T17:57:02+00:00\" \/>\n<meta property=\"og:image\" content=\"https:\/\/www.industriasagapito.com\/wp-content\/uploads\/portada_vacaiones_2023.jpg\" \/>\n\t<meta property=\"og:image:width\" content=\"585\" \/>\n\t<meta property=\"og:image:height\" content=\"328\" \/>\n\t<meta property=\"og:image:type\" content=\"image\/jpeg\" \/>\n<meta name=\"twitter:card\" content=\"summary_large_image\" \/>\n<meta name=\"twitter:label1\" content=\"\u00c9crit par\" \/>\n\t<meta name=\"twitter:data1\" content=\"Luis Sierra\" \/>\n<script type=\"application\/ld+json\" class=\"yoast-schema-graph\">{\"@context\":\"https:\/\/schema.org\",\"@graph\":[{\"@type\":\"Organization\",\"@id\":\"https:\/\/www.industriasagapito.com\/#organization\",\"name\":\"Industrias Agapito\",\"url\":\"https:\/\/www.industriasagapito.com\/\",\"sameAs\":[\"https:\/\/www.facebook.com\/industriasagapito\",\"https:\/\/www.instagram.com\/industriasagapito\/\",\"https:\/\/es.linkedin.com\/company\/industrias-agapito\",\"https:\/\/www.youtube.com\/channel\/UCltJTrlNzXffZrv3d6Kyuwg\"],\"logo\":{\"@type\":\"ImageObject\",\"@id\":\"https:\/\/www.industriasagapito.com\/#logo\",\"inLanguage\":\"fr-FR\",\"url\":\"https:\/\/www.industriasagapito.com\/wp-content\/uploads\/AVATAR-AGAPITO-1080x1080-1.png\",\"contentUrl\":\"https:\/\/www.industriasagapito.com\/wp-content\/uploads\/AVATAR-AGAPITO-1080x1080-1.png\",\"width\":1080,\"height\":1081,\"caption\":\"Industrias Agapito\"},\"image\":{\"@id\":\"https:\/\/www.industriasagapito.com\/#logo\"}},{\"@type\":\"WebSite\",\"@id\":\"https:\/\/www.industriasagapito.com\/#website\",\"url\":\"https:\/\/www.industriasagapito.com\/\",\"name\":\"Industrias Agapito\",\"description\":\"Fabricantes de parques infantiles, mobiliario urbano y circuitos deportivos.\",\"publisher\":{\"@id\":\"https:\/\/www.industriasagapito.com\/#organization\"},\"potentialAction\":[{\"@type\":\"SearchAction\",\"target\":{\"@type\":\"EntryPoint\",\"urlTemplate\":\"https:\/\/www.industriasagapito.com\/?s={search_term_string}\"},\"query-input\":\"required name=search_term_string\"}],\"inLanguage\":\"fr-FR\"},{\"@type\":\"ImageObject\",\"@id\":\"https:\/\/www.industriasagapito.com\/fr\/lusine-industrias-agapito-ferme-du-14-aout-au-5-septembre\/#primaryimage\",\"inLanguage\":\"fr-FR\",\"url\":\"https:\/\/www.industriasagapito.com\/wp-content\/uploads\/portada_vacaiones_2023.jpg\",\"contentUrl\":\"https:\/\/www.industriasagapito.com\/wp-content\/uploads\/portada_vacaiones_2023.jpg\",\"width\":585,\"height\":328},{\"@type\":\"WebPage\",\"@id\":\"https:\/\/www.industriasagapito.com\/fr\/lusine-industrias-agapito-ferme-du-14-aout-au-5-septembre\/#webpage\",\"url\":\"https:\/\/www.industriasagapito.com\/fr\/lusine-industrias-agapito-ferme-du-14-aout-au-5-septembre\/\",\"name\":\"Agapito Industries ferme pour les vacances\",\"isPartOf\":{\"@id\":\"https:\/\/www.industriasagapito.com\/#website\"},\"primaryImageOfPage\":{\"@id\":\"https:\/\/www.industriasagapito.com\/fr\/lusine-industrias-agapito-ferme-du-14-aout-au-5-septembre\/#primaryimage\"},\"datePublished\":\"2023-08-08T12:17:08+00:00\",\"dateModified\":\"2023-08-17T17:57:02+00:00\",\"description\":\"En raison des vacances d'\u00e9t\u00e9, l'usine Industrias Agapito sera ferm\u00e9e du 14 ao\u00fbt au 5 septembre.\",\"breadcrumb\":{\"@id\":\"https:\/\/www.industriasagapito.com\/fr\/lusine-industrias-agapito-ferme-du-14-aout-au-5-septembre\/#breadcrumb\"},\"inLanguage\":\"fr-FR\",\"potentialAction\":[{\"@type\":\"ReadAction\",\"target\":[\"https:\/\/www.industriasagapito.com\/fr\/lusine-industrias-agapito-ferme-du-14-aout-au-5-septembre\/\"]}]},{\"@type\":\"BreadcrumbList\",\"@id\":\"https:\/\/www.industriasagapito.com\/fr\/lusine-industrias-agapito-ferme-du-14-aout-au-5-septembre\/#breadcrumb\",\"itemListElement\":[{\"@type\":\"ListItem\",\"position\":1,\"name\":\"Home\",\"item\":\"https:\/\/www.industriasagapito.com\/\"},{\"@type\":\"ListItem\",\"position\":2,\"name\":\"ACTUALIT\u00c9S\",\"item\":\"https:\/\/www.industriasagapito.com\/fr\/.\/actualites\/\"},{\"@type\":\"ListItem\",\"position\":3,\"name\":\"Agapito Industries ferme pour les vacances\"}]},{\"@type\":\"Article\",\"@id\":\"https:\/\/www.industriasagapito.com\/fr\/lusine-industrias-agapito-ferme-du-14-aout-au-5-septembre\/#article\",\"isPartOf\":{\"@id\":\"https:\/\/www.industriasagapito.com\/fr\/lusine-industrias-agapito-ferme-du-14-aout-au-5-septembre\/#webpage\"},\"author\":{\"@id\":\"https:\/\/www.industriasagapito.com\/#\/schema\/person\/dcf7edcbaf6e7c21fb0429a434f0cdc2\"},\"headline\":\"Agapito Industries ferme pour les vacances\",\"datePublished\":\"2023-08-08T12:17:08+00:00\",\"dateModified\":\"2023-08-17T17:57:02+00:00\",\"mainEntityOfPage\":{\"@id\":\"https:\/\/www.industriasagapito.com\/fr\/lusine-industrias-agapito-ferme-du-14-aout-au-5-septembre\/#webpage\"},\"wordCount\":1107,\"publisher\":{\"@id\":\"https:\/\/www.industriasagapito.com\/#organization\"},\"image\":{\"@id\":\"https:\/\/www.industriasagapito.com\/fr\/lusine-industrias-agapito-ferme-du-14-aout-au-5-septembre\/#primaryimage\"},\"thumbnailUrl\":\"https:\/\/www.industriasagapito.com\/wp-content\/uploads\/portada_vacaiones_2023.jpg\",\"articleSection\":[\"ACTUALIT\u00c9S\"],\"inLanguage\":\"fr-FR\"},{\"@type\":\"Person\",\"@id\":\"https:\/\/www.industriasagapito.com\/#\/schema\/person\/dcf7edcbaf6e7c21fb0429a434f0cdc2\",\"name\":\"Luis Sierra\"}]}<\/script>\n<!-- \/ Yoast SEO plugin. -->","yoast_head_json":{"title":"Agapito Industries ferme pour les vacances","description":"En raison des vacances d'\u00e9t\u00e9, l'usine Industrias Agapito sera ferm\u00e9e du 14 ao\u00fbt au 5 septembre.","robots":{"index":"index","follow":"follow","max-snippet":"max-snippet:-1","max-image-preview":"max-image-preview:large","max-video-preview":"max-video-preview:-1"},"canonical":"https:\/\/www.industriasagapito.com\/fr\/lusine-industrias-agapito-ferme-du-14-aout-au-5-septembre\/","og_locale":"fr_FR","og_type":"article","og_title":"Agapito Industries ferme pour les vacances","og_description":"En raison des vacances d'\u00e9t\u00e9, l'usine Industrias Agapito sera ferm\u00e9e du 14 ao\u00fbt au 5 septembre.","og_url":"https:\/\/www.industriasagapito.com\/fr\/lusine-industrias-agapito-ferme-du-14-aout-au-5-septembre\/","og_site_name":"Industrias Agapito","article_publisher":"https:\/\/www.facebook.com\/industriasagapito","article_published_time":"2023-08-08T12:17:08+00:00","article_modified_time":"2023-08-17T17:57:02+00:00","og_image":[{"width":585,"height":328,"url":"https:\/\/www.industriasagapito.com\/wp-content\/uploads\/portada_vacaiones_2023.jpg","type":"image\/jpeg"}],"twitter_card":"summary_large_image","twitter_misc":{"\u00c9crit par":"Luis Sierra"},"schema":{"@context":"https:\/\/schema.org","@graph":[{"@type":"Organization","@id":"https:\/\/www.industriasagapito.com\/#organization","name":"Industrias Agapito","url":"https:\/\/www.industriasagapito.com\/","sameAs":["https:\/\/www.facebook.com\/industriasagapito","https:\/\/www.instagram.com\/industriasagapito\/","https:\/\/es.linkedin.com\/company\/industrias-agapito","https:\/\/www.youtube.com\/channel\/UCltJTrlNzXffZrv3d6Kyuwg"],"logo":{"@type":"ImageObject","@id":"https:\/\/www.industriasagapito.com\/#logo","inLanguage":"fr-FR","url":"https:\/\/www.industriasagapito.com\/wp-content\/uploads\/AVATAR-AGAPITO-1080x1080-1.png","contentUrl":"https:\/\/www.industriasagapito.com\/wp-content\/uploads\/AVATAR-AGAPITO-1080x1080-1.png","width":1080,"height":1081,"caption":"Industrias Agapito"},"image":{"@id":"https:\/\/www.industriasagapito.com\/#logo"}},{"@type":"WebSite","@id":"https:\/\/www.industriasagapito.com\/#website","url":"https:\/\/www.industriasagapito.com\/","name":"Industrias Agapito","description":"Fabricantes de parques infantiles, mobiliario urbano y circuitos deportivos.","publisher":{"@id":"https:\/\/www.industriasagapito.com\/#organization"},"potentialAction":[{"@type":"SearchAction","target":{"@type":"EntryPoint","urlTemplate":"https:\/\/www.industriasagapito.com\/?s={search_term_string}"},"query-input":"required name=search_term_string"}],"inLanguage":"fr-FR"},{"@type":"ImageObject","@id":"https:\/\/www.industriasagapito.com\/fr\/lusine-industrias-agapito-ferme-du-14-aout-au-5-septembre\/#primaryimage","inLanguage":"fr-FR","url":"https:\/\/www.industriasagapito.com\/wp-content\/uploads\/portada_vacaiones_2023.jpg","contentUrl":"https:\/\/www.industriasagapito.com\/wp-content\/uploads\/portada_vacaiones_2023.jpg","width":585,"height":328},{"@type":"WebPage","@id":"https:\/\/www.industriasagapito.com\/fr\/lusine-industrias-agapito-ferme-du-14-aout-au-5-septembre\/#webpage","url":"https:\/\/www.industriasagapito.com\/fr\/lusine-industrias-agapito-ferme-du-14-aout-au-5-septembre\/","name":"Agapito Industries ferme pour les vacances","isPartOf":{"@id":"https:\/\/www.industriasagapito.com\/#website"},"primaryImageOfPage":{"@id":"https:\/\/www.industriasagapito.com\/fr\/lusine-industrias-agapito-ferme-du-14-aout-au-5-septembre\/#primaryimage"},"datePublished":"2023-08-08T12:17:08+00:00","dateModified":"2023-08-17T17:57:02+00:00","description":"En raison des vacances d'\u00e9t\u00e9, l'usine Industrias Agapito sera ferm\u00e9e du 14 ao\u00fbt au 5 septembre.","breadcrumb":{"@id":"https:\/\/www.industriasagapito.com\/fr\/lusine-industrias-agapito-ferme-du-14-aout-au-5-septembre\/#breadcrumb"},"inLanguage":"fr-FR","potentialAction":[{"@type":"ReadAction","target":["https:\/\/www.industriasagapito.com\/fr\/lusine-industrias-agapito-ferme-du-14-aout-au-5-septembre\/"]}]},{"@type":"BreadcrumbList","@id":"https:\/\/www.industriasagapito.com\/fr\/lusine-industrias-agapito-ferme-du-14-aout-au-5-septembre\/#breadcrumb","itemListElement":[{"@type":"ListItem","position":1,"name":"Home","item":"https:\/\/www.industriasagapito.com\/"},{"@type":"ListItem","position":2,"name":"ACTUALIT\u00c9S","item":"https:\/\/www.industriasagapito.com\/fr\/.\/actualites\/"},{"@type":"ListItem","position":3,"name":"Agapito Industries ferme pour les vacances"}]},{"@type":"Article","@id":"https:\/\/www.industriasagapito.com\/fr\/lusine-industrias-agapito-ferme-du-14-aout-au-5-septembre\/#article","isPartOf":{"@id":"https:\/\/www.industriasagapito.com\/fr\/lusine-industrias-agapito-ferme-du-14-aout-au-5-septembre\/#webpage"},"author":{"@id":"https:\/\/www.industriasagapito.com\/#\/schema\/person\/dcf7edcbaf6e7c21fb0429a434f0cdc2"},"headline":"Agapito Industries ferme pour les vacances","datePublished":"2023-08-08T12:17:08+00:00","dateModified":"2023-08-17T17:57:02+00:00","mainEntityOfPage":{"@id":"https:\/\/www.industriasagapito.com\/fr\/lusine-industrias-agapito-ferme-du-14-aout-au-5-septembre\/#webpage"},"wordCount":1107,"publisher":{"@id":"https:\/\/www.industriasagapito.com\/#organization"},"image":{"@id":"https:\/\/www.industriasagapito.com\/fr\/lusine-industrias-agapito-ferme-du-14-aout-au-5-septembre\/#primaryimage"},"thumbnailUrl":"https:\/\/www.industriasagapito.com\/wp-content\/uploads\/portada_vacaiones_2023.jpg","articleSection":["ACTUALIT\u00c9S"],"inLanguage":"fr-FR"},{"@type":"Person","@id":"https:\/\/www.industriasagapito.com\/#\/schema\/person\/dcf7edcbaf6e7c21fb0429a434f0cdc2","name":"Luis Sierra"}]}},"_links":{"self":[{"href":"https:\/\/www.industriasagapito.com\/fr\/wp-json\/wp\/v2\/posts\/312328"}],"collection":[{"href":"https:\/\/www.industriasagapito.com\/fr\/wp-json\/wp\/v2\/posts"}],"about":[{"href":"https:\/\/www.industriasagapito.com\/fr\/wp-json\/wp\/v2\/types\/post"}],"author":[{"embeddable":true,"href":"https:\/\/www.industriasagapito.com\/fr\/wp-json\/wp\/v2\/users\/76"}],"replies":[{"embeddable":true,"href":"https:\/\/www.industriasagapito.com\/fr\/wp-json\/wp\/v2\/comments?post=312328"}],"version-history":[{"count":5,"href":"https:\/\/www.industriasagapito.com\/fr\/wp-json\/wp\/v2\/posts\/312328\/revisions"}],"predecessor-version":[{"id":312500,"href":"https:\/\/www.industriasagapito.com\/fr\/wp-json\/wp\/v2\/posts\/312328\/revisions\/312500"}],"wp:featuredmedia":[{"embeddable":true,"href":"https:\/\/www.industriasagapito.com\/fr\/wp-json\/wp\/v2\/media\/312336"}],"wp:attachment":[{"href":"https:\/\/www.industriasagapito.com\/fr\/wp-json\/wp\/v2\/media?parent=312328"}],"wp:term":[{"taxonomy":"category","embeddable":true,"href":"https:\/\/www.industriasagapito.com\/fr\/wp-json\/wp\/v2\/categories?post=312328"},{"taxonomy":"post_tag","embeddable":true,"href":"https:\/\/www.industriasagapito.com\/fr\/wp-json\/wp\/v2\/tags?post=312328"}],"curies":[{"name":"wp","href":"https:\/\/api.w.org\/{rel}","templated":true}]}}